{"id":49,"date":"2023-03-22T10:24:43","date_gmt":"2023-03-22T13:24:43","guid":{"rendered":"https:\/\/desejodeviver.com.br\/?p=49"},"modified":"2023-04-26T20:21:39","modified_gmt":"2023-04-26T23:21:39","slug":"arquiteta-dos-sentidos-e-das-lentes","status":"publish","type":"post","link":"https:\/\/desejodeviver.com.br\/index.php\/2023\/03\/22\/arquiteta-dos-sentidos-e-das-lentes\/","title":{"rendered":"Arquiteta dos sentidos e das lentes"},"content":{"rendered":"\n<p><\/p>\n\n\n\n<p>Andr\u00e9 Luis Cia<\/p>\n\n\n\n<p>andre.cia@hotmail.com<\/p>\n\n\n\n<p><\/p>\n\n\n\n<p>MADRID: De suas m\u00e3os, ela cria arte em dois campos diferentes: no visual e no olfativo. Faz com que as pessoas sintam e se deliciem com os aromas e se vejam retratadas por meio de suas imagens. Empreender era um desejo antigo, at\u00e9 ent\u00e3o, guardado dentro de seu cora\u00e7\u00e3o. No entanto, a pandemia h\u00e1 dois anos fez com que ela aflorasse todos os seus sentidos criativos e se transformasse numa empreendedora. Essa \u00e9 Monique Mello, arquiteta e fot\u00f3grafa, a segunda convidada da s\u00e9rie \u201cLentes brasileiras na Espanha\u201d, que contar\u00e1 a cada semana o perfil de uma mulher brasileira empreendedora em solo espanhol.<\/p>\n\n\n\n<p>Segundo Monique, o sonho de viver na Europa era algo antigo, principalmente por ela ser uma arquiteta apaixonada por hist\u00f3ria, mas ela sabia que do sonho \u00e0 realidade haviam obst\u00e1culos e n\u00e3o era algo t\u00e3o f\u00e1cil de ser concretizado, mas quis o destino atravessar sua hist\u00f3ria e colocar um amor no meio do caminho: o noivo Paul.&nbsp;Isso a fez mudar definitivamente sua jornada. \u201cEncontrei o Paul e ele tamb\u00e9m tinha esse desejo de imigrar. Ent\u00e3o decidimos vir juntos a partir de uma proposta profissional que ele teve para trabalhar em Madrid\u201d.<\/p>\n\n\n\n<p>Ela conta que Paul teve que providenciar a mudan\u00e7a do Brasil para a Espanha em menos de um m\u00eas, e quatro meses depois ela desembarcava na capital espanhola. \u201cA oportunidade bateu na nossa porta e n\u00e3o pensei duas vezes ao abra\u00e7\u00e1-la\u201d, destaca. &nbsp;&nbsp;<\/p>\n\n\n\n<p>Paulista de Ribeir\u00e3o Preto, interior de S\u00e3o Paulo, Monique vivia no Rio Grande do Sul quando tudo aconteceu. Em 2016, ela trabalhava no seu escrit\u00f3rio no Brasil como arquiteta e se dedicava a criar projetos residenciais, comerciais e corporativos. O tempo era totalmente dedicado aos seus clientes, mas o desejo de empreender em uma \u00e1rea nova j\u00e1 pulsava fortemente em sua mente e em seus desejos mais secretos, mas n\u00e3o lhe sobrava tempo. E a chegada da pandemia e do isolamento social a fez vislumbrar uma nova oportunidade que se abriu diante de seus olhos: fabricar velas artesanais. \u201cO ritmo desacelerou e na minha casa mesmo comecei a fazer velas como hobby\u201d.<\/p>\n\n\n\n<p>Com a mudan\u00e7a para a Europa em setembro de 2020, ela relembra que ficou encantada com a diversidade de produtos de cuidado com a casa, principalmente neste ramo de velas. \u201cMe lembro de passar adiante da loja Loewe e quando vi as velas candelabro me apaixonei e tive a ideia de leva-las para o Brasil\u201d.&nbsp;<\/p>\n\n\n\n<p>E foi assim que surgiu a ideia de montar um ecommerce no Brasil para a produ\u00e7\u00e3o de velas. Monique explica que foi em busca dos fornecedores e das formas, e que tamb\u00e9m criou uma logo e um site. Tudo foi idealizado em apenas duas semanas porque ela retornaria para o Brasil em fevereiro de 2021 para buscar seu cachorrinho de estima\u00e7\u00e3o: Adam. Nos 25 dias que permaneceu no Brasil aproveitou para produzir material para deixar um estoque de velas pronto para comercializa\u00e7\u00e3o.<\/p>\n\n\n\n<p>Com o tempo e com o neg\u00f3cio prosperando no Brasil mesmo com algumas dificuldades no meio do percurso, ela destaca que sentia falta de ter o \u201cfilho\u201d, no caso, as velas, por perto.&nbsp;<\/p>\n\n\n\n<p><strong>Em que momento voc\u00ea decidiu trazer as velas para a Espanha?<\/strong><\/p>\n\n\n\n<p><strong>Monique:<\/strong>&nbsp;Faz\u00ea-las me acalma e me deixa feliz. Com o incentivo de meu noivo e de amigos decidi trazer minha marca (Nous) para c\u00e1, em outubro de 2022. &nbsp;Hoje, eu mesma as produzo em um processo artesanal feito \u00e0 m\u00e3o com ingredientes n\u00e3o t\u00f3xicos e naturais. Sempre amei cuidar da minha casa e a dos meus clientes. A Nous nasceu com o intuito de elevar a conex\u00e3o das pessoas a seus ambientes. Crio cuidadosamente os aromas que incorporam nossas fragr\u00e2ncias. Alinhar design \u00e0 experi\u00eancia \u00e9 a miss\u00e3o da minha marca.<\/p>\n\n\n\n<p><strong>Como \u00e9 feita a comercializa\u00e7\u00e3o das velas?<\/strong><\/p>\n\n\n\n<p><strong>Monique:<\/strong>&nbsp;Hoje, as vendas aqui na Espanha s\u00e3o feitas pelo Instagram da loja: @nous.velas . Em breve, ser\u00e3o comercializadas no site. Paralelo a isso, tamb\u00e9m mostro a rotina com a casa, dou dicas de arquitetura e autocuidado no meu perfil pessoal @moniquemello. Agora em fevereiro, a Nous completa 1 ano de vida e estou muito feliz e empolgada com os desafios de 2023.<\/p>\n\n\n\n<p><strong>Paralelo \u00e0 Nous, voc\u00ea est\u00e1 em transi\u00e7\u00e3o de carreira. Conte como est\u00e1 sendo esse desafio.<\/strong><\/p>\n\n\n\n<p><strong>Monique:<\/strong>&nbsp;Estou me tornando uma fot\u00f3grafa de arquitetura. Isso tamb\u00e9m iniciou durante a pandemia e hoje estou podendo realizar de fato essa mudan\u00e7a. &nbsp;O ano de 2020 foi decisivo na minha vida e na de muitas pessoas. Eu precisava de um tempo realmente para visualizar a minha vida. Com a mudan\u00e7a de pa\u00eds parece que tudo mudou para melhor. Como dizem aqui na Espanha, \u201cpoco a poco\u201d e isso faz todo sentido. Estou curtindo esse processo, com todos os seus desafios e com a certeza de todas as partes boas de ser uma empreendedora.<\/p>\n\n\n\n<p><strong>Como tem sido sua adapta\u00e7\u00e3o \u00e0 Espanha?<\/strong><\/p>\n\n\n\n<p><strong>Monique:<\/strong>&nbsp;Sempre pensei em morar aqui. Acredito muito na lei da atra\u00e7\u00e3o. De uma maneira ou de outra minha vida se encaminhou para essa mudan\u00e7a. A&nbsp;Espanha me surpreendeu desde o primeiro dia. Cheguei \u00e0 Madrid em setembro de 2020. A seguran\u00e7a, o estilo de vida, a cidade simplesmente funciona e \u00e9 multicultural. De negativo, aponto a comida espanhola, pois prefiro mil vezes a nossa brasileira. Meu processo de adapta\u00e7\u00e3o foi mais dif\u00edcil no primeiro ano. S\u00e3o muitas mudan\u00e7as internas e externas. Acredito que o idioma foi o mais complicado. Tinha muita vergonha de falar no in\u00edcio, mas hoje isso j\u00e1 ficou no passado e estou pronta para todas as conquistas que essa vida de empreendedora me proporcionar\u00e1 ainda.<\/p>\n","protected":false},"excerpt":{"rendered":"<p>Andr\u00e9 Luis Cia andre.cia@hotmail.com MADRID: De suas m\u00e3os, ela cria arte em dois campos diferentes: no visual e no olfativo. Faz com que as pessoas sintam e se deliciem com os aromas e se vejam retratadas por meio de suas imagens. Empreender era um desejo antigo, at\u00e9 ent\u00e3o, guardado dentro de seu cora\u00e7\u00e3o. No entanto, a pandemia h\u00e1 dois anos fez com que ela aflorasse todos os seus sentidos criativos e se transformasse numa empreendedora. Essa \u00e9 Monique Mello, arquiteta e fot\u00f3grafa, a segunda convidada da s\u00e9rie \u201cLentes brasileiras na Espanha\u201d, que contar\u00e1 a cada semana o perfil de uma mulher brasileira empreendedora em solo espanhol. Segundo Monique, o sonho de viver na Europa era algo antigo, principalmente por ela ser uma arquiteta apaixonada por hist\u00f3ria, mas ela sabia que do sonho \u00e0 realidade haviam obst\u00e1culos e n\u00e3o era algo t\u00e3o f\u00e1cil de ser concretizado, mas quis o destino atravessar sua hist\u00f3ria e colocar um amor no meio do caminho: o noivo Paul.&nbsp;Isso a fez mudar definitivamente sua jornada. \u201cEncontrei o Paul e ele tamb\u00e9m tinha esse desejo de imigrar. Ent\u00e3o decidimos vir juntos a partir de uma proposta profissional que ele teve para trabalhar em Madrid\u201d. Ela conta que Paul teve que providenciar a mudan\u00e7a do Brasil para a Espanha em menos de um m\u00eas, e quatro meses depois ela desembarcava na capital espanhola. \u201cA oportunidade bateu na nossa porta e n\u00e3o pensei duas vezes ao abra\u00e7\u00e1-la\u201d, destaca. &nbsp;&nbsp; Paulista de Ribeir\u00e3o Preto, interior de S\u00e3o Paulo, Monique vivia no Rio Grande do Sul quando tudo aconteceu. Em 2016, ela trabalhava no seu escrit\u00f3rio no Brasil como arquiteta e se dedicava a criar projetos residenciais, comerciais e corporativos. O tempo era totalmente dedicado aos seus clientes, mas o desejo de empreender em uma \u00e1rea nova j\u00e1 pulsava fortemente em sua mente e em seus desejos mais secretos, mas n\u00e3o lhe sobrava tempo. E a chegada da pandemia e do isolamento social a fez vislumbrar uma nova oportunidade que se abriu diante de seus olhos: fabricar velas artesanais. \u201cO ritmo desacelerou e na minha casa mesmo comecei a fazer velas como hobby\u201d. Com a mudan\u00e7a para a Europa em setembro de 2020, ela relembra que ficou encantada com a diversidade de produtos de cuidado com a casa, principalmente neste ramo de velas. \u201cMe lembro de passar adiante da loja Loewe e quando vi as velas candelabro me apaixonei e tive a ideia de leva-las para o Brasil\u201d.&nbsp; E foi assim que surgiu a ideia de montar um ecommerce no Brasil para a produ\u00e7\u00e3o de velas. Monique explica que foi em busca dos fornecedores e das formas, e que tamb\u00e9m criou uma logo e um site. Tudo foi idealizado em apenas duas semanas porque ela retornaria para o Brasil em fevereiro de 2021 para buscar seu cachorrinho de estima\u00e7\u00e3o: Adam. Nos 25 dias que permaneceu no Brasil aproveitou para produzir material para deixar um estoque de velas pronto para comercializa\u00e7\u00e3o. Com o tempo e com o neg\u00f3cio prosperando no Brasil mesmo com algumas dificuldades no meio do percurso, ela destaca que sentia falta de ter o \u201cfilho\u201d, no caso, as velas, por perto.&nbsp; Em que momento voc\u00ea decidiu trazer as velas para a Espanha? Monique:&nbsp;Faz\u00ea-las me acalma e me deixa feliz. Com o incentivo de meu noivo e de amigos decidi trazer minha marca (Nous) para c\u00e1, em outubro de 2022. &nbsp;Hoje, eu mesma as produzo em um processo artesanal feito \u00e0 m\u00e3o com ingredientes n\u00e3o t\u00f3xicos e naturais. Sempre amei cuidar da minha casa e a dos meus clientes. A Nous nasceu com o intuito de elevar a conex\u00e3o das pessoas a seus ambientes. Crio cuidadosamente os aromas que incorporam nossas fragr\u00e2ncias. Alinhar design \u00e0 experi\u00eancia \u00e9 a miss\u00e3o da minha marca. Como \u00e9 feita a comercializa\u00e7\u00e3o das velas? Monique:&nbsp;Hoje, as vendas aqui na Espanha s\u00e3o feitas pelo Instagram da loja: @nous.velas . Em breve, ser\u00e3o comercializadas no site. Paralelo a isso, tamb\u00e9m mostro a rotina com a casa, dou dicas de arquitetura e autocuidado no meu perfil pessoal @moniquemello. Agora em fevereiro, a Nous completa 1 ano de vida e estou muito feliz e empolgada com os desafios de 2023. Paralelo \u00e0 Nous, voc\u00ea est\u00e1 em transi\u00e7\u00e3o de carreira. Conte como est\u00e1 sendo esse desafio. Monique:&nbsp;Estou me tornando uma fot\u00f3grafa de arquitetura. Isso tamb\u00e9m iniciou durante a pandemia e hoje estou podendo realizar de fato essa mudan\u00e7a. &nbsp;O ano de 2020 foi decisivo na minha vida e na de muitas pessoas. Eu precisava de um tempo realmente para visualizar a minha vida. Com a mudan\u00e7a de pa\u00eds parece que tudo mudou para melhor. Como dizem aqui na Espanha, \u201cpoco a poco\u201d e isso faz todo sentido. Estou curtindo esse processo, com todos os seus desafios e com a certeza de todas as partes boas de ser uma empreendedora. Como tem sido sua adapta\u00e7\u00e3o \u00e0 Espanha? Monique:&nbsp;Sempre pensei em morar aqui. Acredito muito na lei da atra\u00e7\u00e3o. De uma maneira ou de outra minha vida se encaminhou para essa mudan\u00e7a. A&nbsp;Espanha me surpreendeu desde o primeiro dia. Cheguei \u00e0 Madrid em setembro de 2020. A seguran\u00e7a, o estilo de vida, a cidade simplesmente funciona e \u00e9 multicultural. De negativo, aponto a comida espanhola, pois prefiro mil vezes a nossa brasileira. Meu processo de adapta\u00e7\u00e3o foi mais dif\u00edcil no primeiro ano. S\u00e3o muitas mudan\u00e7as internas e externas. Acredito que o idioma foi o mais complicado. Tinha muita vergonha de falar no in\u00edcio, mas hoje isso j\u00e1 ficou no passado e estou pronta para todas as conquistas que essa vida de empreendedora me proporcionar\u00e1 ainda.<\/p>\n","protected":false},"author":1,"featured_media":78,"comment_status":"open","ping_status":"open","sticky":false,"template":"","format":"standard","meta":{"footnotes":""},"categories":[124],"tags":[],"class_list":["post-49","post","type-post","status-publish","format-standard","has-post-thumbnail","hentry","category-series-especiais"],"yoast_head":"<!-- This site is optimized with the Yoast SEO plugin v24.7 - https:\/\/yoast.com\/wordpress\/plugins\/seo\/ -->\n<title>Arquiteta dos sentidos e das lentes - Desejo de Viver Blog<\/title>\n<meta name=\"robots\" content=\"index, follow, max-snippet:-1, max-image-preview:large, max-video-preview:-1\" \/>\n<link rel=\"canonical\" href=\"https:\/\/desejodeviver.com.br\/index.php\/2023\/03\/22\/arquiteta-dos-sentidos-e-das-lentes\/\" \/>\n<meta property=\"og:locale\" content=\"en_US\" \/>\n<meta property=\"og:type\" content=\"article\" \/>\n<meta property=\"og:title\" content=\"Arquiteta dos sentidos e das lentes - Desejo de Viver Blog\" \/>\n<meta property=\"og:description\" content=\"Andr\u00e9 Luis Cia andre.cia@hotmail.com MADRID: De suas m\u00e3os, ela cria arte em dois campos diferentes: no visual e no olfativo. Faz com que as pessoas sintam e se deliciem com os aromas e se vejam retratadas por meio de suas imagens. Empreender era um desejo antigo, at\u00e9 ent\u00e3o, guardado dentro de seu cora\u00e7\u00e3o. No entanto, a pandemia h\u00e1 dois anos fez com que ela aflorasse todos os seus sentidos criativos e se transformasse numa empreendedora. Essa \u00e9 Monique Mello, arquiteta e fot\u00f3grafa, a segunda convidada da s\u00e9rie \u201cLentes brasileiras na Espanha\u201d, que contar\u00e1 a cada semana o perfil de uma mulher brasileira empreendedora em solo espanhol. Segundo Monique, o sonho de viver na Europa era algo antigo, principalmente por ela ser uma arquiteta apaixonada por hist\u00f3ria, mas ela sabia que do sonho \u00e0 realidade haviam obst\u00e1culos e n\u00e3o era algo t\u00e3o f\u00e1cil de ser concretizado, mas quis o destino atravessar sua hist\u00f3ria e colocar um amor no meio do caminho: o noivo Paul.&nbsp;Isso a fez mudar definitivamente sua jornada. \u201cEncontrei o Paul e ele tamb\u00e9m tinha esse desejo de imigrar. Ent\u00e3o decidimos vir juntos a partir de uma proposta profissional que ele teve para trabalhar em Madrid\u201d. Ela conta que Paul teve que providenciar a mudan\u00e7a do Brasil para a Espanha em menos de um m\u00eas, e quatro meses depois ela desembarcava na capital espanhola. \u201cA oportunidade bateu na nossa porta e n\u00e3o pensei duas vezes ao abra\u00e7\u00e1-la\u201d, destaca. &nbsp;&nbsp; Paulista de Ribeir\u00e3o Preto, interior de S\u00e3o Paulo, Monique vivia no Rio Grande do Sul quando tudo aconteceu. Em 2016, ela trabalhava no seu escrit\u00f3rio no Brasil como arquiteta e se dedicava a criar projetos residenciais, comerciais e corporativos. O tempo era totalmente dedicado aos seus clientes, mas o desejo de empreender em uma \u00e1rea nova j\u00e1 pulsava fortemente em sua mente e em seus desejos mais secretos, mas n\u00e3o lhe sobrava tempo. E a chegada da pandemia e do isolamento social a fez vislumbrar uma nova oportunidade que se abriu diante de seus olhos: fabricar velas artesanais. \u201cO ritmo desacelerou e na minha casa mesmo comecei a fazer velas como hobby\u201d. Com a mudan\u00e7a para a Europa em setembro de 2020, ela relembra que ficou encantada com a diversidade de produtos de cuidado com a casa, principalmente neste ramo de velas. \u201cMe lembro de passar adiante da loja Loewe e quando vi as velas candelabro me apaixonei e tive a ideia de leva-las para o Brasil\u201d.&nbsp; E foi assim que surgiu a ideia de montar um ecommerce no Brasil para a produ\u00e7\u00e3o de velas. Monique explica que foi em busca dos fornecedores e das formas, e que tamb\u00e9m criou uma logo e um site. Tudo foi idealizado em apenas duas semanas porque ela retornaria para o Brasil em fevereiro de 2021 para buscar seu cachorrinho de estima\u00e7\u00e3o: Adam. Nos 25 dias que permaneceu no Brasil aproveitou para produzir material para deixar um estoque de velas pronto para comercializa\u00e7\u00e3o. Com o tempo e com o neg\u00f3cio prosperando no Brasil mesmo com algumas dificuldades no meio do percurso, ela destaca que sentia falta de ter o \u201cfilho\u201d, no caso, as velas, por perto.&nbsp; Em que momento voc\u00ea decidiu trazer as velas para a Espanha? Monique:&nbsp;Faz\u00ea-las me acalma e me deixa feliz. Com o incentivo de meu noivo e de amigos decidi trazer minha marca (Nous) para c\u00e1, em outubro de 2022. &nbsp;Hoje, eu mesma as produzo em um processo artesanal feito \u00e0 m\u00e3o com ingredientes n\u00e3o t\u00f3xicos e naturais. Sempre amei cuidar da minha casa e a dos meus clientes. A Nous nasceu com o intuito de elevar a conex\u00e3o das pessoas a seus ambientes. Crio cuidadosamente os aromas que incorporam nossas fragr\u00e2ncias. Alinhar design \u00e0 experi\u00eancia \u00e9 a miss\u00e3o da minha marca. Como \u00e9 feita a comercializa\u00e7\u00e3o das velas? Monique:&nbsp;Hoje, as vendas aqui na Espanha s\u00e3o feitas pelo Instagram da loja: @nous.velas . Em breve, ser\u00e3o comercializadas no site. Paralelo a isso, tamb\u00e9m mostro a rotina com a casa, dou dicas de arquitetura e autocuidado no meu perfil pessoal @moniquemello. Agora em fevereiro, a Nous completa 1 ano de vida e estou muito feliz e empolgada com os desafios de 2023. Paralelo \u00e0 Nous, voc\u00ea est\u00e1 em transi\u00e7\u00e3o de carreira. Conte como est\u00e1 sendo esse desafio. Monique:&nbsp;Estou me tornando uma fot\u00f3grafa de arquitetura. Isso tamb\u00e9m iniciou durante a pandemia e hoje estou podendo realizar de fato essa mudan\u00e7a. &nbsp;O ano de 2020 foi decisivo na minha vida e na de muitas pessoas. Eu precisava de um tempo realmente para visualizar a minha vida. Com a mudan\u00e7a de pa\u00eds parece que tudo mudou para melhor. Como dizem aqui na Espanha, \u201cpoco a poco\u201d e isso faz todo sentido. Estou curtindo esse processo, com todos os seus desafios e com a certeza de todas as partes boas de ser uma empreendedora. Como tem sido sua adapta\u00e7\u00e3o \u00e0 Espanha? Monique:&nbsp;Sempre pensei em morar aqui. Acredito muito na lei da atra\u00e7\u00e3o. De uma maneira ou de outra minha vida se encaminhou para essa mudan\u00e7a. A&nbsp;Espanha me surpreendeu desde o primeiro dia. Cheguei \u00e0 Madrid em setembro de 2020. A seguran\u00e7a, o estilo de vida, a cidade simplesmente funciona e \u00e9 multicultural. De negativo, aponto a comida espanhola, pois prefiro mil vezes a nossa brasileira. Meu processo de adapta\u00e7\u00e3o foi mais dif\u00edcil no primeiro ano. S\u00e3o muitas mudan\u00e7as internas e externas. Acredito que o idioma foi o mais complicado. Tinha muita vergonha de falar no in\u00edcio, mas hoje isso j\u00e1 ficou no passado e estou pronta para todas as conquistas que essa vida de empreendedora me proporcionar\u00e1 ainda.\" \/>\n<meta property=\"og:url\" content=\"https:\/\/desejodeviver.com.br\/index.php\/2023\/03\/22\/arquiteta-dos-sentidos-e-das-lentes\/\" \/>\n<meta property=\"og:site_name\" content=\"Desejo de Viver Blog\" \/>\n<meta property=\"article:author\" content=\"https:\/\/www.facebook.com\/andreluis.cia\" \/>\n<meta property=\"article:published_time\" content=\"2023-03-22T13:24:43+00:00\" \/>\n<meta property=\"article:modified_time\" content=\"2023-04-26T23:21:39+00:00\" \/>\n<meta property=\"og:image\" content=\"https:\/\/desejodeviver.com.br\/wp-content\/uploads\/2023\/03\/WhatsApp-Image-2023-03-23-at-09.29.51-1-1.jpeg\" \/>\n\t<meta property=\"og:image:width\" content=\"1600\" \/>\n\t<meta property=\"og:image:height\" content=\"1066\" \/>\n\t<meta property=\"og:image:type\" content=\"image\/jpeg\" \/>\n<meta name=\"author\" content=\"Andr\u00e9 Luis Cia\" \/>\n<meta name=\"twitter:card\" content=\"summary_large_image\" \/>\n<meta name=\"twitter:label1\" content=\"Written by\" \/>\n\t<meta name=\"twitter:data1\" content=\"Andr\u00e9 Luis Cia\" \/>\n\t<meta name=\"twitter:label2\" content=\"Est. reading time\" \/>\n\t<meta name=\"twitter:data2\" content=\"6 minutes\" \/>\n<script type=\"application\/ld+json\" class=\"yoast-schema-graph\">{\"@context\":\"https:\/\/schema.org\",\"@graph\":[{\"@type\":\"Article\",\"@id\":\"https:\/\/desejodeviver.com.br\/index.php\/2023\/03\/22\/arquiteta-dos-sentidos-e-das-lentes\/#article\",\"isPartOf\":{\"@id\":\"https:\/\/desejodeviver.com.br\/index.php\/2023\/03\/22\/arquiteta-dos-sentidos-e-das-lentes\/\"},\"author\":{\"name\":\"Andr\u00e9 Luis Cia\",\"@id\":\"https:\/\/www.desejodeviver.com.br\/#\/schema\/person\/cc70b59e209ddf81248afb583ce1e149\"},\"headline\":\"Arquiteta dos sentidos e das lentes\",\"datePublished\":\"2023-03-22T13:24:43+00:00\",\"dateModified\":\"2023-04-26T23:21:39+00:00\",\"mainEntityOfPage\":{\"@id\":\"https:\/\/desejodeviver.com.br\/index.php\/2023\/03\/22\/arquiteta-dos-sentidos-e-das-lentes\/\"},\"wordCount\":984,\"commentCount\":0,\"publisher\":{\"@id\":\"https:\/\/www.desejodeviver.com.br\/#organization\"},\"image\":{\"@id\":\"https:\/\/desejodeviver.com.br\/index.php\/2023\/03\/22\/arquiteta-dos-sentidos-e-das-lentes\/#primaryimage\"},\"thumbnailUrl\":\"https:\/\/desejodeviver.com.br\/wp-content\/uploads\/2023\/03\/WhatsApp-Image-2023-03-23-at-09.29.51-1-1.jpeg\",\"articleSection\":[\"S\u00e9ries especiais\"],\"inLanguage\":\"en-US\",\"potentialAction\":[{\"@type\":\"CommentAction\",\"name\":\"Comment\",\"target\":[\"https:\/\/desejodeviver.com.br\/index.php\/2023\/03\/22\/arquiteta-dos-sentidos-e-das-lentes\/#respond\"]}]},{\"@type\":\"WebPage\",\"@id\":\"https:\/\/desejodeviver.com.br\/index.php\/2023\/03\/22\/arquiteta-dos-sentidos-e-das-lentes\/\",\"url\":\"https:\/\/desejodeviver.com.br\/index.php\/2023\/03\/22\/arquiteta-dos-sentidos-e-das-lentes\/\",\"name\":\"Arquiteta dos sentidos e das lentes - Desejo de Viver Blog\",\"isPartOf\":{\"@id\":\"https:\/\/www.desejodeviver.com.br\/#website\"},\"primaryImageOfPage\":{\"@id\":\"https:\/\/desejodeviver.com.br\/index.php\/2023\/03\/22\/arquiteta-dos-sentidos-e-das-lentes\/#primaryimage\"},\"image\":{\"@id\":\"https:\/\/desejodeviver.com.br\/index.php\/2023\/03\/22\/arquiteta-dos-sentidos-e-das-lentes\/#primaryimage\"},\"thumbnailUrl\":\"https:\/\/desejodeviver.com.br\/wp-content\/uploads\/2023\/03\/WhatsApp-Image-2023-03-23-at-09.29.51-1-1.jpeg\",\"datePublished\":\"2023-03-22T13:24:43+00:00\",\"dateModified\":\"2023-04-26T23:21:39+00:00\",\"breadcrumb\":{\"@id\":\"https:\/\/desejodeviver.com.br\/index.php\/2023\/03\/22\/arquiteta-dos-sentidos-e-das-lentes\/#breadcrumb\"},\"inLanguage\":\"en-US\",\"potentialAction\":[{\"@type\":\"ReadAction\",\"target\":[\"https:\/\/desejodeviver.com.br\/index.php\/2023\/03\/22\/arquiteta-dos-sentidos-e-das-lentes\/\"]}]},{\"@type\":\"ImageObject\",\"inLanguage\":\"en-US\",\"@id\":\"https:\/\/desejodeviver.com.br\/index.php\/2023\/03\/22\/arquiteta-dos-sentidos-e-das-lentes\/#primaryimage\",\"url\":\"https:\/\/desejodeviver.com.br\/wp-content\/uploads\/2023\/03\/WhatsApp-Image-2023-03-23-at-09.29.51-1-1.jpeg\",\"contentUrl\":\"https:\/\/desejodeviver.com.br\/wp-content\/uploads\/2023\/03\/WhatsApp-Image-2023-03-23-at-09.29.51-1-1.jpeg\",\"width\":1600,\"height\":1066},{\"@type\":\"BreadcrumbList\",\"@id\":\"https:\/\/desejodeviver.com.br\/index.php\/2023\/03\/22\/arquiteta-dos-sentidos-e-das-lentes\/#breadcrumb\",\"itemListElement\":[{\"@type\":\"ListItem\",\"position\":1,\"name\":\"In\u00edcio\",\"item\":\"https:\/\/www.desejodeviver.com.br\/\"},{\"@type\":\"ListItem\",\"position\":2,\"name\":\"Arquiteta dos sentidos e das lentes\"}]},{\"@type\":\"WebSite\",\"@id\":\"https:\/\/www.desejodeviver.com.br\/#website\",\"url\":\"https:\/\/www.desejodeviver.com.br\/\",\"name\":\"Desejo de Viver Blog\",\"description\":\"\",\"publisher\":{\"@id\":\"https:\/\/www.desejodeviver.com.br\/#organization\"},\"potentialAction\":[{\"@type\":\"SearchAction\",\"target\":{\"@type\":\"EntryPoint\",\"urlTemplate\":\"https:\/\/www.desejodeviver.com.br\/?s={search_term_string}\"},\"query-input\":{\"@type\":\"PropertyValueSpecification\",\"valueRequired\":true,\"valueName\":\"search_term_string\"}}],\"inLanguage\":\"en-US\"},{\"@type\":\"Organization\",\"@id\":\"https:\/\/www.desejodeviver.com.br\/#organization\",\"name\":\"Desejo de Viver Blog\",\"url\":\"https:\/\/www.desejodeviver.com.br\/\",\"logo\":{\"@type\":\"ImageObject\",\"inLanguage\":\"en-US\",\"@id\":\"https:\/\/www.desejodeviver.com.br\/#\/schema\/logo\/image\/\",\"url\":\"https:\/\/desejodeviver.com.br\/wp-content\/uploads\/2023\/04\/cropped-Desejo-de-viver-Logo-1.png\",\"contentUrl\":\"https:\/\/desejodeviver.com.br\/wp-content\/uploads\/2023\/04\/cropped-Desejo-de-viver-Logo-1.png\",\"width\":800,\"height\":357,\"caption\":\"Desejo de Viver Blog\"},\"image\":{\"@id\":\"https:\/\/www.desejodeviver.com.br\/#\/schema\/logo\/image\/\"}},{\"@type\":\"Person\",\"@id\":\"https:\/\/www.desejodeviver.com.br\/#\/schema\/person\/cc70b59e209ddf81248afb583ce1e149\",\"name\":\"Andr\u00e9 Luis Cia\",\"image\":{\"@type\":\"ImageObject\",\"inLanguage\":\"en-US\",\"@id\":\"https:\/\/www.desejodeviver.com.br\/#\/schema\/person\/image\/\",\"url\":\"https:\/\/secure.gravatar.com\/avatar\/8adae7d6e72868155007e4f1f59e29e0?s=96&d=mm&r=g\",\"contentUrl\":\"https:\/\/secure.gravatar.com\/avatar\/8adae7d6e72868155007e4f1f59e29e0?s=96&d=mm&r=g\",\"caption\":\"Andr\u00e9 Luis Cia\"},\"description\":\"Jornalista, roteirista, escritor e ator brasileiro com mais de 20 anos de experi\u00eancia em comunica\u00e7\u00e3o. Vivo atualmente em Barcelona onde trabalho como correspondente internacional, mas j\u00e1 morei em outros pa\u00edses, como Portugal, Irlanda, EUA e It\u00e1lia onde sempre estive envolvido com projetos na \u00e1rea de comunica\u00e7\u00e3o- minha grande paix\u00e3o-. Como roteirista, destaco a coautoria na sinopse e no 1 cap\u00edtulo da novela \\\"O S\u00e9timo Guardi\u00e3o\\\" (TV Globo\/2019), o document\u00e1rio \\\"Quem somos n\u00f3s?\\\", sobre exclus\u00e3o social, e o curta-metragem \\\"As cartas de Sofia\\\". Como rep\u00f3rter, trabalhei em grandes grupos de comunica\u00e7\u00e3o no Brasil, como RBS, RAC e RIC. Ganhei o pr\u00eamio Yara de Comunica\u00e7\u00e3o (categoria impresso) em 2013 com uma reportagem sobre as diferentes fam\u00edlias e hist\u00f3rias de vida \u00e0s margens do rio Piracicaba (SP). Fui finalista do pr\u00eamio Unimed de Jornalismo\/SC com uma reportagem sobre gravidez precoce.\",\"sameAs\":[\"http:\/\/desejodeviver.com.br\",\"https:\/\/www.facebook.com\/andreluis.cia\",\"https:\/\/www.instagram.com\/historiasnaespanha\/\",\"https:\/\/www.linkedin.com\/in\/andreluiscia\/\",\"https:\/\/www.youtube.com\/channel\/UC1K0Si0t6-E0ZhSMrFpAypA\"],\"url\":\"https:\/\/desejodeviver.com.br\/index.php\/author\/andre-ciahotmail-com\/\"}]}<\/script>\n<!-- \/ Yoast SEO plugin. -->","yoast_head_json":{"title":"Arquiteta dos sentidos e das lentes - Desejo de Viver Blog","robots":{"index":"index","follow":"follow","max-snippet":"max-snippet:-1","max-image-preview":"max-image-preview:large","max-video-preview":"max-video-preview:-1"},"canonical":"https:\/\/desejodeviver.com.br\/index.php\/2023\/03\/22\/arquiteta-dos-sentidos-e-das-lentes\/","og_locale":"en_US","og_type":"article","og_title":"Arquiteta dos sentidos e das lentes - Desejo de Viver Blog","og_description":"Andr\u00e9 Luis Cia andre.cia@hotmail.com MADRID: De suas m\u00e3os, ela cria arte em dois campos diferentes: no visual e no olfativo. Faz com que as pessoas sintam e se deliciem com os aromas e se vejam retratadas por meio de suas imagens. Empreender era um desejo antigo, at\u00e9 ent\u00e3o, guardado dentro de seu cora\u00e7\u00e3o. No entanto, a pandemia h\u00e1 dois anos fez com que ela aflorasse todos os seus sentidos criativos e se transformasse numa empreendedora. Essa \u00e9 Monique Mello, arquiteta e fot\u00f3grafa, a segunda convidada da s\u00e9rie \u201cLentes brasileiras na Espanha\u201d, que contar\u00e1 a cada semana o perfil de uma mulher brasileira empreendedora em solo espanhol. Segundo Monique, o sonho de viver na Europa era algo antigo, principalmente por ela ser uma arquiteta apaixonada por hist\u00f3ria, mas ela sabia que do sonho \u00e0 realidade haviam obst\u00e1culos e n\u00e3o era algo t\u00e3o f\u00e1cil de ser concretizado, mas quis o destino atravessar sua hist\u00f3ria e colocar um amor no meio do caminho: o noivo Paul.&nbsp;Isso a fez mudar definitivamente sua jornada. \u201cEncontrei o Paul e ele tamb\u00e9m tinha esse desejo de imigrar. Ent\u00e3o decidimos vir juntos a partir de uma proposta profissional que ele teve para trabalhar em Madrid\u201d. Ela conta que Paul teve que providenciar a mudan\u00e7a do Brasil para a Espanha em menos de um m\u00eas, e quatro meses depois ela desembarcava na capital espanhola. \u201cA oportunidade bateu na nossa porta e n\u00e3o pensei duas vezes ao abra\u00e7\u00e1-la\u201d, destaca. &nbsp;&nbsp; Paulista de Ribeir\u00e3o Preto, interior de S\u00e3o Paulo, Monique vivia no Rio Grande do Sul quando tudo aconteceu. Em 2016, ela trabalhava no seu escrit\u00f3rio no Brasil como arquiteta e se dedicava a criar projetos residenciais, comerciais e corporativos. O tempo era totalmente dedicado aos seus clientes, mas o desejo de empreender em uma \u00e1rea nova j\u00e1 pulsava fortemente em sua mente e em seus desejos mais secretos, mas n\u00e3o lhe sobrava tempo. E a chegada da pandemia e do isolamento social a fez vislumbrar uma nova oportunidade que se abriu diante de seus olhos: fabricar velas artesanais. \u201cO ritmo desacelerou e na minha casa mesmo comecei a fazer velas como hobby\u201d. Com a mudan\u00e7a para a Europa em setembro de 2020, ela relembra que ficou encantada com a diversidade de produtos de cuidado com a casa, principalmente neste ramo de velas. \u201cMe lembro de passar adiante da loja Loewe e quando vi as velas candelabro me apaixonei e tive a ideia de leva-las para o Brasil\u201d.&nbsp; E foi assim que surgiu a ideia de montar um ecommerce no Brasil para a produ\u00e7\u00e3o de velas. Monique explica que foi em busca dos fornecedores e das formas, e que tamb\u00e9m criou uma logo e um site. Tudo foi idealizado em apenas duas semanas porque ela retornaria para o Brasil em fevereiro de 2021 para buscar seu cachorrinho de estima\u00e7\u00e3o: Adam. Nos 25 dias que permaneceu no Brasil aproveitou para produzir material para deixar um estoque de velas pronto para comercializa\u00e7\u00e3o. Com o tempo e com o neg\u00f3cio prosperando no Brasil mesmo com algumas dificuldades no meio do percurso, ela destaca que sentia falta de ter o \u201cfilho\u201d, no caso, as velas, por perto.&nbsp; Em que momento voc\u00ea decidiu trazer as velas para a Espanha? Monique:&nbsp;Faz\u00ea-las me acalma e me deixa feliz. Com o incentivo de meu noivo e de amigos decidi trazer minha marca (Nous) para c\u00e1, em outubro de 2022. &nbsp;Hoje, eu mesma as produzo em um processo artesanal feito \u00e0 m\u00e3o com ingredientes n\u00e3o t\u00f3xicos e naturais. Sempre amei cuidar da minha casa e a dos meus clientes. A Nous nasceu com o intuito de elevar a conex\u00e3o das pessoas a seus ambientes. Crio cuidadosamente os aromas que incorporam nossas fragr\u00e2ncias. Alinhar design \u00e0 experi\u00eancia \u00e9 a miss\u00e3o da minha marca. Como \u00e9 feita a comercializa\u00e7\u00e3o das velas? Monique:&nbsp;Hoje, as vendas aqui na Espanha s\u00e3o feitas pelo Instagram da loja: @nous.velas . Em breve, ser\u00e3o comercializadas no site. Paralelo a isso, tamb\u00e9m mostro a rotina com a casa, dou dicas de arquitetura e autocuidado no meu perfil pessoal @moniquemello. Agora em fevereiro, a Nous completa 1 ano de vida e estou muito feliz e empolgada com os desafios de 2023. Paralelo \u00e0 Nous, voc\u00ea est\u00e1 em transi\u00e7\u00e3o de carreira. Conte como est\u00e1 sendo esse desafio. Monique:&nbsp;Estou me tornando uma fot\u00f3grafa de arquitetura. Isso tamb\u00e9m iniciou durante a pandemia e hoje estou podendo realizar de fato essa mudan\u00e7a. &nbsp;O ano de 2020 foi decisivo na minha vida e na de muitas pessoas. Eu precisava de um tempo realmente para visualizar a minha vida. Com a mudan\u00e7a de pa\u00eds parece que tudo mudou para melhor. Como dizem aqui na Espanha, \u201cpoco a poco\u201d e isso faz todo sentido. Estou curtindo esse processo, com todos os seus desafios e com a certeza de todas as partes boas de ser uma empreendedora. Como tem sido sua adapta\u00e7\u00e3o \u00e0 Espanha? Monique:&nbsp;Sempre pensei em morar aqui. Acredito muito na lei da atra\u00e7\u00e3o. De uma maneira ou de outra minha vida se encaminhou para essa mudan\u00e7a. A&nbsp;Espanha me surpreendeu desde o primeiro dia. Cheguei \u00e0 Madrid em setembro de 2020. A seguran\u00e7a, o estilo de vida, a cidade simplesmente funciona e \u00e9 multicultural. De negativo, aponto a comida espanhola, pois prefiro mil vezes a nossa brasileira. Meu processo de adapta\u00e7\u00e3o foi mais dif\u00edcil no primeiro ano. S\u00e3o muitas mudan\u00e7as internas e externas. Acredito que o idioma foi o mais complicado. Tinha muita vergonha de falar no in\u00edcio, mas hoje isso j\u00e1 ficou no passado e estou pronta para todas as conquistas que essa vida de empreendedora me proporcionar\u00e1 ainda.","og_url":"https:\/\/desejodeviver.com.br\/index.php\/2023\/03\/22\/arquiteta-dos-sentidos-e-das-lentes\/","og_site_name":"Desejo de Viver Blog","article_author":"https:\/\/www.facebook.com\/andreluis.cia","article_published_time":"2023-03-22T13:24:43+00:00","article_modified_time":"2023-04-26T23:21:39+00:00","og_image":[{"width":1600,"height":1066,"url":"https:\/\/desejodeviver.com.br\/wp-content\/uploads\/2023\/03\/WhatsApp-Image-2023-03-23-at-09.29.51-1-1.jpeg","type":"image\/jpeg"}],"author":"Andr\u00e9 Luis Cia","twitter_card":"summary_large_image","twitter_misc":{"Written by":"Andr\u00e9 Luis Cia","Est. reading time":"6 minutes"},"schema":{"@context":"https:\/\/schema.org","@graph":[{"@type":"Article","@id":"https:\/\/desejodeviver.com.br\/index.php\/2023\/03\/22\/arquiteta-dos-sentidos-e-das-lentes\/#article","isPartOf":{"@id":"https:\/\/desejodeviver.com.br\/index.php\/2023\/03\/22\/arquiteta-dos-sentidos-e-das-lentes\/"},"author":{"name":"Andr\u00e9 Luis Cia","@id":"https:\/\/www.desejodeviver.com.br\/#\/schema\/person\/cc70b59e209ddf81248afb583ce1e149"},"headline":"Arquiteta dos sentidos e das lentes","datePublished":"2023-03-22T13:24:43+00:00","dateModified":"2023-04-26T23:21:39+00:00","mainEntityOfPage":{"@id":"https:\/\/desejodeviver.com.br\/index.php\/2023\/03\/22\/arquiteta-dos-sentidos-e-das-lentes\/"},"wordCount":984,"commentCount":0,"publisher":{"@id":"https:\/\/www.desejodeviver.com.br\/#organization"},"image":{"@id":"https:\/\/desejodeviver.com.br\/index.php\/2023\/03\/22\/arquiteta-dos-sentidos-e-das-lentes\/#primaryimage"},"thumbnailUrl":"https:\/\/desejodeviver.com.br\/wp-content\/uploads\/2023\/03\/WhatsApp-Image-2023-03-23-at-09.29.51-1-1.jpeg","articleSection":["S\u00e9ries especiais"],"inLanguage":"en-US","potentialAction":[{"@type":"CommentAction","name":"Comment","target":["https:\/\/desejodeviver.com.br\/index.php\/2023\/03\/22\/arquiteta-dos-sentidos-e-das-lentes\/#respond"]}]},{"@type":"WebPage","@id":"https:\/\/desejodeviver.com.br\/index.php\/2023\/03\/22\/arquiteta-dos-sentidos-e-das-lentes\/","url":"https:\/\/desejodeviver.com.br\/index.php\/2023\/03\/22\/arquiteta-dos-sentidos-e-das-lentes\/","name":"Arquiteta dos sentidos e das lentes - Desejo de Viver Blog","isPartOf":{"@id":"https:\/\/www.desejodeviver.com.br\/#website"},"primaryImageOfPage":{"@id":"https:\/\/desejodeviver.com.br\/index.php\/2023\/03\/22\/arquiteta-dos-sentidos-e-das-lentes\/#primaryimage"},"image":{"@id":"https:\/\/desejodeviver.com.br\/index.php\/2023\/03\/22\/arquiteta-dos-sentidos-e-das-lentes\/#primaryimage"},"thumbnailUrl":"https:\/\/desejodeviver.com.br\/wp-content\/uploads\/2023\/03\/WhatsApp-Image-2023-03-23-at-09.29.51-1-1.jpeg","datePublished":"2023-03-22T13:24:43+00:00","dateModified":"2023-04-26T23:21:39+00:00","breadcrumb":{"@id":"https:\/\/desejodeviver.com.br\/index.php\/2023\/03\/22\/arquiteta-dos-sentidos-e-das-lentes\/#breadcrumb"},"inLanguage":"en-US","potentialAction":[{"@type":"ReadAction","target":["https:\/\/desejodeviver.com.br\/index.php\/2023\/03\/22\/arquiteta-dos-sentidos-e-das-lentes\/"]}]},{"@type":"ImageObject","inLanguage":"en-US","@id":"https:\/\/desejodeviver.com.br\/index.php\/2023\/03\/22\/arquiteta-dos-sentidos-e-das-lentes\/#primaryimage","url":"https:\/\/desejodeviver.com.br\/wp-content\/uploads\/2023\/03\/WhatsApp-Image-2023-03-23-at-09.29.51-1-1.jpeg","contentUrl":"https:\/\/desejodeviver.com.br\/wp-content\/uploads\/2023\/03\/WhatsApp-Image-2023-03-23-at-09.29.51-1-1.jpeg","width":1600,"height":1066},{"@type":"BreadcrumbList","@id":"https:\/\/desejodeviver.com.br\/index.php\/2023\/03\/22\/arquiteta-dos-sentidos-e-das-lentes\/#breadcrumb","itemListElement":[{"@type":"ListItem","position":1,"name":"In\u00edcio","item":"https:\/\/www.desejodeviver.com.br\/"},{"@type":"ListItem","position":2,"name":"Arquiteta dos sentidos e das lentes"}]},{"@type":"WebSite","@id":"https:\/\/www.desejodeviver.com.br\/#website","url":"https:\/\/www.desejodeviver.com.br\/","name":"Desejo de Viver Blog","description":"","publisher":{"@id":"https:\/\/www.desejodeviver.com.br\/#organization"},"potentialAction":[{"@type":"SearchAction","target":{"@type":"EntryPoint","urlTemplate":"https:\/\/www.desejodeviver.com.br\/?s={search_term_string}"},"query-input":{"@type":"PropertyValueSpecification","valueRequired":true,"valueName":"search_term_string"}}],"inLanguage":"en-US"},{"@type":"Organization","@id":"https:\/\/www.desejodeviver.com.br\/#organization","name":"Desejo de Viver Blog","url":"https:\/\/www.desejodeviver.com.br\/","logo":{"@type":"ImageObject","inLanguage":"en-US","@id":"https:\/\/www.desejodeviver.com.br\/#\/schema\/logo\/image\/","url":"https:\/\/desejodeviver.com.br\/wp-content\/uploads\/2023\/04\/cropped-Desejo-de-viver-Logo-1.png","contentUrl":"https:\/\/desejodeviver.com.br\/wp-content\/uploads\/2023\/04\/cropped-Desejo-de-viver-Logo-1.png","width":800,"height":357,"caption":"Desejo de Viver Blog"},"image":{"@id":"https:\/\/www.desejodeviver.com.br\/#\/schema\/logo\/image\/"}},{"@type":"Person","@id":"https:\/\/www.desejodeviver.com.br\/#\/schema\/person\/cc70b59e209ddf81248afb583ce1e149","name":"Andr\u00e9 Luis Cia","image":{"@type":"ImageObject","inLanguage":"en-US","@id":"https:\/\/www.desejodeviver.com.br\/#\/schema\/person\/image\/","url":"https:\/\/secure.gravatar.com\/avatar\/8adae7d6e72868155007e4f1f59e29e0?s=96&d=mm&r=g","contentUrl":"https:\/\/secure.gravatar.com\/avatar\/8adae7d6e72868155007e4f1f59e29e0?s=96&d=mm&r=g","caption":"Andr\u00e9 Luis Cia"},"description":"Jornalista, roteirista, escritor e ator brasileiro com mais de 20 anos de experi\u00eancia em comunica\u00e7\u00e3o. Vivo atualmente em Barcelona onde trabalho como correspondente internacional, mas j\u00e1 morei em outros pa\u00edses, como Portugal, Irlanda, EUA e It\u00e1lia onde sempre estive envolvido com projetos na \u00e1rea de comunica\u00e7\u00e3o- minha grande paix\u00e3o-. Como roteirista, destaco a coautoria na sinopse e no 1 cap\u00edtulo da novela \"O S\u00e9timo Guardi\u00e3o\" (TV Globo\/2019), o document\u00e1rio \"Quem somos n\u00f3s?\", sobre exclus\u00e3o social, e o curta-metragem \"As cartas de Sofia\". Como rep\u00f3rter, trabalhei em grandes grupos de comunica\u00e7\u00e3o no Brasil, como RBS, RAC e RIC. Ganhei o pr\u00eamio Yara de Comunica\u00e7\u00e3o (categoria impresso) em 2013 com uma reportagem sobre as diferentes fam\u00edlias e hist\u00f3rias de vida \u00e0s margens do rio Piracicaba (SP). Fui finalista do pr\u00eamio Unimed de Jornalismo\/SC com uma reportagem sobre gravidez precoce.","sameAs":["http:\/\/desejodeviver.com.br","https:\/\/www.facebook.com\/andreluis.cia","https:\/\/www.instagram.com\/historiasnaespanha\/","https:\/\/www.linkedin.com\/in\/andreluiscia\/","https:\/\/www.youtube.com\/channel\/UC1K0Si0t6-E0ZhSMrFpAypA"],"url":"https:\/\/desejodeviver.com.br\/index.php\/author\/andre-ciahotmail-com\/"}]}},"_links":{"self":[{"href":"https:\/\/desejodeviver.com.br\/index.php\/wp-json\/wp\/v2\/posts\/49","targetHints":{"allow":["GET"]}}],"collection":[{"href":"https:\/\/desejodeviver.com.br\/index.php\/wp-json\/wp\/v2\/posts"}],"about":[{"href":"https:\/\/desejodeviver.com.br\/index.php\/wp-json\/wp\/v2\/types\/post"}],"author":[{"embeddable":true,"href":"https:\/\/desejodeviver.com.br\/index.php\/wp-json\/wp\/v2\/users\/1"}],"replies":[{"embeddable":true,"href":"https:\/\/desejodeviver.com.br\/index.php\/wp-json\/wp\/v2\/comments?post=49"}],"version-history":[{"count":3,"href":"https:\/\/desejodeviver.com.br\/index.php\/wp-json\/wp\/v2\/posts\/49\/revisions"}],"predecessor-version":[{"id":169,"href":"https:\/\/desejodeviver.com.br\/index.php\/wp-json\/wp\/v2\/posts\/49\/revisions\/169"}],"wp:featuredmedia":[{"embeddable":true,"href":"https:\/\/desejodeviver.com.br\/index.php\/wp-json\/wp\/v2\/media\/78"}],"wp:attachment":[{"href":"https:\/\/desejodeviver.com.br\/index.php\/wp-json\/wp\/v2\/media?parent=49"}],"wp:term":[{"taxonomy":"category","embeddable":true,"href":"https:\/\/desejodeviver.com.br\/index.php\/wp-json\/wp\/v2\/categories?post=49"},{"taxonomy":"post_tag","embeddable":true,"href":"https:\/\/desejodeviver.com.br\/index.php\/wp-json\/wp\/v2\/tags?post=49"}],"curies":[{"name":"wp","href":"https:\/\/api.w.org\/{rel}","templated":true}]}}